{"id":16652,"date":"2023-12-04T13:22:52","date_gmt":"2023-12-04T18:22:52","guid":{"rendered":"https:\/\/cqde.org\/news\/2022-2023-our-impact\/"},"modified":"2025-03-10T13:20:29","modified_gmt":"2025-03-10T18:20:29","slug":"2022-2023-our-impact","status":"publish","type":"post","link":"https:\/\/cqde.org\/en\/news\/2022-2023-our-impact\/","title":{"rendered":"2022-2023: Our impact"},"content":{"rendered":"<p><span style=\"font-weight: 400;\">There&#8217;s never a shortage of files for us to tackle, and this year has been no exception. Here&#8217;s a look back at our major achievements of 2023:\u00a0 <\/span><\/p>\n<p><img fetchpriority=\"high\" decoding=\"async\" class=\"alignnone wp-image-12301\" src=\"https:\/\/cqde.org\/wp-content\/uploads\/2023\/12\/our_impact_22-23_water.png\" alt=\"\" width=\"900\" height=\"169\" \/><\/p>\n<p><span style=\"font-weight: 400;\">With the adoption of Bill 20 by the National Assembly in June 2023, an important step has been taken to lift the secrecy on the volumes of water withdrawn in Quebec. We\u2019re proud to have played <\/span><a href=\"https:\/\/cqde.org\/en\/news\/historic-breakthrough-first-time-quebec-veil-secrecy-water-withdrawals-lifted-press-release\/\" target=\"_blank\" rel=\"noopener\"><span style=\"font-weight: 400;\">a key role in rallying<\/span><\/a><span style=\"font-weight: 400;\"> the general public, municipalities, and elected officials to support this initiative, in conjunction with Eau Secours. Our significant responses led to the tabling and adoption of Bill 20, as well as the tabling of two draft regulations. Their entry into force is expected in the coming year, so we continue to follow this issue closely to ensure transparent water management.<\/span><\/p>\n<p><img decoding=\"async\" class=\"alignnone wp-image-12300\" src=\"https:\/\/cqde.org\/wp-content\/uploads\/2023\/12\/our_impact_22-23_reports.png\" alt=\"\" width=\"899\" height=\"169\" \/><\/p>\n<p><span style=\"font-weight: 400;\">This year, we published <\/span><a href=\"https:\/\/www.cqde.org\/fr\/nos-actions\/ecoblanchiment-climatique\/\" target=\"_blank\" rel=\"noopener\"><span style=\"font-weight: 400;\">a report on climate greenwashing<\/span><\/a><span style=\"font-weight: 400;\">, to examine the current legal landscape in Quebec and Canada and make recommendations to decision-makers based on international best practices. We also published <\/span><a href=\"https:\/\/www.cqde.org\/fr\/nos-actions\/decarbonation-des-batiments-et-municipalites\/\" target=\"_blank\" rel=\"noopener\"><span style=\"font-weight: 400;\">a report on the decarbonization of buildings<\/span><\/a><span style=\"font-weight: 400;\">, in collaboration with Vivre en Ville, to support municipal efforts to reduce greenhouse gas emissions from this sector.<\/span><\/p>\n<p><span style=\"font-weight: 400;\">Through this work, we hope to fuel public debate and enrich it with our recommendations, while strengthening the arguments of our allies and collaborators in the struggle to combat the climate crisis.<\/span><\/p>\n<p><img decoding=\"async\" class=\"alignnone wp-image-12298\" src=\"https:\/\/cqde.org\/wp-content\/uploads\/2023\/12\/our_impact_22-23_access_info.png\" alt=\"\" width=\"900\" height=\"169\" \/><\/p>\n<p><span style=\"font-weight: 400;\">In 2023, CQDE spearheaded <\/span><a href=\"https:\/\/www.cqde.org\/fr\/nouvelles\/pour-lacces-a-linformation-environnementale-en-un-seul-clic-action-de-mobilisation\/\" target=\"_blank\" rel=\"noopener\"><span style=\"font-weight: 400;\">a major mobilization<\/span><\/a><span style=\"font-weight: 400;\"> campaign <\/span><span style=\"font-weight: 400;\">\u00a0aimed at improving access to information through the implementation of a registry provided for in the <\/span><i><span style=\"font-weight: 400;\">Environment Quality Act <\/span><\/i><span style=\"font-weight: 400;\">(EQA), now five years overdue &#8211; an unacceptable delay for the Quebec population. Several hundred citizens and 80 organizations and public figures from various sectors took part in this mobilization initiative, which received wide media coverage and a sympathetic ear from the government, but has yet to be acted upon. We will continue to take action on this issue until we achieve our goal of seeing the registry put in place, as stipulated in the EQA, and ultimately improving access to information in Quebec &#8211; an essential tool for engaging in change and taking effective action, both individually and collectively.<\/span><\/p>\n<p><img loading=\"lazy\" decoding=\"async\" class=\"https:\/\/cqde.org\/en\/enviro-hotline\/ alignnone wp-image-12299\" src=\"https:\/\/cqde.org\/wp-content\/uploads\/2023\/12\/our_impact_22-23_hotline.png\" alt=\"\" width=\"899\" height=\"169\" \/><\/p>\n<p><span style=\"font-weight: 400;\">Once again this year, the CQDE received numerous requests for legal information <\/span><a href=\"https:\/\/cqde.org\/en\/enviro-hotline\/\" target=\"_blank\" rel=\"noopener\"><span style=\"font-weight: 400;\">via its Enviro Hotline<\/span><\/a><span style=\"font-weight: 400;\">. We processed 486 requests, an increase of 40% over the previous year &#8211; a new record! In 2022, the usefulness of the hotline and the quality of the answers provided earned us a special mention from the Jury for the Prix Droits et Libert\u00e9s awarded by the Commission des droits de la personne du Qu\u00e9bec (Quebec Human Rights Commission).<\/span><\/p>\n<p><span style=\"font-weight: 400;\">The enormous positive feedback we\u2019ve received confirms the importance of this tool designed to help demystify environmental law and make it an ally:\u00a0<\/span><\/p>\n<p><i><span style=\"font-weight: 400;\">&#8220;CQDE lawyers on the Green Hotline guided us through our access to information request, which, after many steps, was finally accepted (&#8230;) Don&#8217;t hesitate to contact this valuable resource for the protection of the environment, in all circumstances where laws and regulations are difficult to interpret or when our rights seem to have been infringed. (&#8230;).&#8221;\u00a0 &#8211; <\/span><\/i><span style=\"font-weight: 400;\">Catherine, a member of a citizens&#8217; group belonging to the Demain le Qu\u00e9bec network<\/span><\/p>\n<p><i><span style=\"font-weight: 400;\">&#8220;Thank you so much for your time today. You\u2019ve identified the problem and the possibilities of my going further as a private citizen. I&#8217;m going to become a CQDE member! With gratitude.&#8221; &#8211; <\/span><\/i><span style=\"font-weight: 400;\">Catherine, a private citizen<\/span><\/p>\n<p><i><span style=\"font-weight: 400;\">&#8220;Thank you so much for the information and food for thought; it&#8217;s much appreciated and certainly rewarding! It will definitely be useful to us.&#8221;\u00a0 &#8211; <\/span><\/i><span style=\"font-weight: 400;\">Marianne Caouette , Nature Qu\u00e9bec<\/span><\/p>\n<p>&nbsp;<\/p>\n<p><b>MANY THANKS TO OUR MEMBERS, DONORS, FUNDERS, AND COLLABORATORS FOR THEIR INVALUABLE SUPPORT:<\/b><\/p>\n<p><a href=\"https:\/\/fr.davidsuzuki.org\/\" target=\"_blank\" rel=\"noopener\"><img loading=\"lazy\" decoding=\"async\" class=\"alignnone  wp-image-11890 alignleft\" src=\"https:\/\/www.cqde.org\/wp-content\/uploads\/2023\/12\/logofondationsuzuki.png\" alt=\"\" width=\"275\" height=\"80\" srcset=\"https:\/\/cqde.org\/wp-content\/uploads\/2023\/12\/logofondationsuzuki.png 642w, https:\/\/cqde.org\/wp-content\/uploads\/2023\/12\/logofondationsuzuki-300x87.png 300w\" sizes=\"(max-width: 275px) 100vw, 275px\" \/><\/a> <a href=\"https:\/\/reseaudemainlequebec.org\/\" target=\"_blank\" rel=\"noopener\"><img loading=\"lazy\" decoding=\"async\" class=\"alignnone  wp-image-11893 alignleft\" src=\"https:\/\/www.cqde.org\/wp-content\/uploads\/2023\/12\/logoreseaudemainlequebec.png\" alt=\"\" width=\"223\" height=\"137\" srcset=\"https:\/\/cqde.org\/wp-content\/uploads\/2023\/12\/logoreseaudemainlequebec.png 1888w, https:\/\/cqde.org\/wp-content\/uploads\/2023\/12\/logoreseaudemainlequebec-300x185.png 300w, https:\/\/cqde.org\/wp-content\/uploads\/2023\/12\/logoreseaudemainlequebec-1024x632.png 1024w, https:\/\/cqde.org\/wp-content\/uploads\/2023\/12\/logoreseaudemainlequebec-768x474.png 768w, https:\/\/cqde.org\/wp-content\/uploads\/2023\/12\/logoreseaudemainlequebec-1536x949.png 1536w\" sizes=\"(max-width: 223px) 100vw, 223px\" \/><\/a> <a href=\"https:\/\/www.fondationtrottier.com\/\" target=\"_blank\" rel=\"noopener\"><img loading=\"lazy\" decoding=\"async\" class=\"alignnone  wp-image-11891 alignleft\" src=\"https:\/\/www.cqde.org\/wp-content\/uploads\/2023\/12\/logofondationtrottier.png\" alt=\"\" width=\"302\" height=\"109\" srcset=\"https:\/\/cqde.org\/wp-content\/uploads\/2023\/12\/logofondationtrottier.png 360w, https:\/\/cqde.org\/wp-content\/uploads\/2023\/12\/logofondationtrottier-300x108.png 300w\" sizes=\"(max-width: 302px) 100vw, 302px\" \/><\/a><a href=\"https:\/\/fondationecho.ca\/\" target=\"_blank\" rel=\"noopener\"><img loading=\"lazy\" decoding=\"async\" class=\"alignnone  wp-image-11889 alignleft\" src=\"https:\/\/www.cqde.org\/wp-content\/uploads\/2023\/12\/logofondationecho.png\" alt=\"\" width=\"337\" height=\"76\" srcset=\"https:\/\/cqde.org\/wp-content\/uploads\/2023\/12\/logofondationecho.png 785w, https:\/\/cqde.org\/wp-content\/uploads\/2023\/12\/logofondationecho-300x68.png 300w, https:\/\/cqde.org\/wp-content\/uploads\/2023\/12\/logofondationecho-768x173.png 768w\" sizes=\"(max-width: 337px) 100vw, 337px\" \/><\/a><a href=\"https:\/\/www.cnq.org\/\" target=\"_blank\" rel=\"noopener\"><img loading=\"lazy\" decoding=\"async\" class=\"alignnone  wp-image-11892 alignleft\" src=\"https:\/\/www.cqde.org\/wp-content\/uploads\/2023\/12\/logofondsdetudesnotariales.png\" alt=\"\" width=\"389\" height=\"117\" srcset=\"https:\/\/cqde.org\/wp-content\/uploads\/2023\/12\/logofondsdetudesnotariales.png 2667w, https:\/\/cqde.org\/wp-content\/uploads\/2023\/12\/logofondsdetudesnotariales-300x90.png 300w, https:\/\/cqde.org\/wp-content\/uploads\/2023\/12\/logofondsdetudesnotariales-1024x308.png 1024w, https:\/\/cqde.org\/wp-content\/uploads\/2023\/12\/logofondsdetudesnotariales-768x231.png 768w, https:\/\/cqde.org\/wp-content\/uploads\/2023\/12\/logofondsdetudesnotariales-1536x462.png 1536w, https:\/\/cqde.org\/wp-content\/uploads\/2023\/12\/logofondsdetudesnotariales-2048x617.png 2048w\" sizes=\"(max-width: 389px) 100vw, 389px\" \/><\/a><\/p>\n<p>&nbsp;<\/p>\n","protected":false},"excerpt":{"rendered":"<p>There&#8217;s never a shortage of files for us to tackle, and this year has been no exception. Here&#8217;s a look back at our major achievements of 2023:\u00a0 With the adoption of Bill 20 by the National Assembly in June 2023, an important step has been taken to lift the secrecy on the volumes of water [&hellip;]<\/p>\n","protected":false},"author":9,"featured_media":16653,"comment_status":"closed","ping_status":"open","sticky":false,"template":"","format":"standard","meta":{"_acf_changed":false,"footnotes":""},"categories":[1],"tags":[],"ressource_annee":[],"categorie_association":[938],"ressource_type":[],"class_list":["post-16652","post","type-post","status-publish","format-standard","has-post-thumbnail","hentry","category-news","categorie_association-nouvelles-en"],"acf":[],"yoast_head":"<!-- This site is optimized with the Yoast SEO plugin v27.5 - https:\/\/yoast.com\/product\/yoast-seo-wordpress\/ -->\n<title>2022-2023: Our impact | CQDE<\/title>\n<meta name=\"description\" content=\"Restez inform\u00e9s avec nos derni\u00e8res nouvelles : \u00e9clairages juridiques sur les grands enjeux environnementaux, communiqu\u00e9s et actions de mobilisation.\" \/>\n<meta name=\"robots\" content=\"index, follow, max-snippet:-1, max-image-preview:large, max-video-preview:-1\" \/>\n<link rel=\"canonical\" href=\"https:\/\/cqde.org\/en\/news\/2022-2023-our-impact\/\" \/>\n<meta property=\"og:locale\" content=\"en_US\" \/>\n<meta property=\"og:type\" content=\"article\" \/>\n<meta property=\"og:title\" content=\"2022-2023: Our impact | CQDE\" \/>\n<meta property=\"og:description\" content=\"Restez inform\u00e9s avec nos derni\u00e8res nouvelles : \u00e9clairages juridiques sur les grands enjeux environnementaux, communiqu\u00e9s et actions de mobilisation.\" \/>\n<meta property=\"og:url\" content=\"https:\/\/cqde.org\/en\/news\/2022-2023-our-impact\/\" \/>\n<meta property=\"og:site_name\" content=\"CQDE - Ensemble, pour un droit au service de l&#039;environnement\" \/>\n<meta property=\"article:published_time\" content=\"2023-12-04T18:22:52+00:00\" \/>\n<meta property=\"article:modified_time\" content=\"2025-03-10T18:20:29+00:00\" \/>\n<meta property=\"og:image\" content=\"https:\/\/cqde.org\/wp-content\/uploads\/2023\/12\/imageecho-scaled-10.jpg\" \/>\n\t<meta property=\"og:image:width\" content=\"2560\" \/>\n\t<meta property=\"og:image:height\" content=\"1707\" \/>\n\t<meta property=\"og:image:type\" content=\"image\/jpeg\" \/>\n<meta name=\"author\" content=\"Jo\u00eblle Grondin\" \/>\n<meta name=\"twitter:card\" content=\"summary_large_image\" \/>\n<meta name=\"twitter:label1\" content=\"Written by\" \/>\n\t<meta name=\"twitter:data1\" content=\"Jo\u00eblle Grondin\" \/>\n\t<meta name=\"twitter:label2\" content=\"Est. reading time\" \/>\n\t<meta name=\"twitter:data2\" content=\"3 minutes\" \/>\n<script type=\"application\/ld+json\" class=\"yoast-schema-graph\">{\"@context\":\"https:\\\/\\\/schema.org\",\"@graph\":[{\"@type\":\"Article\",\"@id\":\"https:\\\/\\\/cqde.org\\\/en\\\/news\\\/2022-2023-our-impact\\\/#article\",\"isPartOf\":{\"@id\":\"https:\\\/\\\/cqde.org\\\/en\\\/news\\\/2022-2023-our-impact\\\/\"},\"author\":{\"name\":\"Jo\u00eblle Grondin\",\"@id\":\"https:\\\/\\\/cqde.org\\\/en\\\/#\\\/schema\\\/person\\\/e251ed72863f8cc388ef1a157bb2ff47\"},\"headline\":\"2022-2023: Our impact\",\"datePublished\":\"2023-12-04T18:22:52+00:00\",\"dateModified\":\"2025-03-10T18:20:29+00:00\",\"mainEntityOfPage\":{\"@id\":\"https:\\\/\\\/cqde.org\\\/en\\\/news\\\/2022-2023-our-impact\\\/\"},\"wordCount\":598,\"publisher\":{\"@id\":\"https:\\\/\\\/cqde.org\\\/en\\\/#organization\"},\"image\":{\"@id\":\"https:\\\/\\\/cqde.org\\\/en\\\/news\\\/2022-2023-our-impact\\\/#primaryimage\"},\"thumbnailUrl\":\"https:\\\/\\\/cqde.org\\\/wp-content\\\/uploads\\\/2023\\\/12\\\/imageecho-scaled-10.jpg\",\"articleSection\":[\"News\"],\"inLanguage\":\"en-US\"},{\"@type\":\"WebPage\",\"@id\":\"https:\\\/\\\/cqde.org\\\/en\\\/news\\\/2022-2023-our-impact\\\/\",\"url\":\"https:\\\/\\\/cqde.org\\\/en\\\/news\\\/2022-2023-our-impact\\\/\",\"name\":\"2022-2023: Our impact | CQDE\",\"isPartOf\":{\"@id\":\"https:\\\/\\\/cqde.org\\\/en\\\/#website\"},\"primaryImageOfPage\":{\"@id\":\"https:\\\/\\\/cqde.org\\\/en\\\/news\\\/2022-2023-our-impact\\\/#primaryimage\"},\"image\":{\"@id\":\"https:\\\/\\\/cqde.org\\\/en\\\/news\\\/2022-2023-our-impact\\\/#primaryimage\"},\"thumbnailUrl\":\"https:\\\/\\\/cqde.org\\\/wp-content\\\/uploads\\\/2023\\\/12\\\/imageecho-scaled-10.jpg\",\"datePublished\":\"2023-12-04T18:22:52+00:00\",\"dateModified\":\"2025-03-10T18:20:29+00:00\",\"description\":\"Restez inform\u00e9s avec nos derni\u00e8res nouvelles : \u00e9clairages juridiques sur les grands enjeux environnementaux, communiqu\u00e9s et actions de mobilisation.\",\"breadcrumb\":{\"@id\":\"https:\\\/\\\/cqde.org\\\/en\\\/news\\\/2022-2023-our-impact\\\/#breadcrumb\"},\"inLanguage\":\"en-US\",\"potentialAction\":[{\"@type\":\"ReadAction\",\"target\":[\"https:\\\/\\\/cqde.org\\\/en\\\/news\\\/2022-2023-our-impact\\\/\"]}]},{\"@type\":\"ImageObject\",\"inLanguage\":\"en-US\",\"@id\":\"https:\\\/\\\/cqde.org\\\/en\\\/news\\\/2022-2023-our-impact\\\/#primaryimage\",\"url\":\"https:\\\/\\\/cqde.org\\\/wp-content\\\/uploads\\\/2023\\\/12\\\/imageecho-scaled-10.jpg\",\"contentUrl\":\"https:\\\/\\\/cqde.org\\\/wp-content\\\/uploads\\\/2023\\\/12\\\/imageecho-scaled-10.jpg\",\"width\":2560,\"height\":1707},{\"@type\":\"BreadcrumbList\",\"@id\":\"https:\\\/\\\/cqde.org\\\/en\\\/news\\\/2022-2023-our-impact\\\/#breadcrumb\",\"itemListElement\":[{\"@type\":\"ListItem\",\"position\":1,\"name\":\"Home\",\"item\":\"https:\\\/\\\/cqde.org\\\/en\\\/\"},{\"@type\":\"ListItem\",\"position\":2,\"name\":\"2022-2023: Our impact\"}]},{\"@type\":\"WebSite\",\"@id\":\"https:\\\/\\\/cqde.org\\\/en\\\/#website\",\"url\":\"https:\\\/\\\/cqde.org\\\/en\\\/\",\"name\":\"CQDE\",\"description\":\"Ensemble, pour un droit au service de l&#039;environnement\",\"publisher\":{\"@id\":\"https:\\\/\\\/cqde.org\\\/en\\\/#organization\"},\"alternateName\":\"Centre qu\u00e9b\u00e9cois du droit de l'environnement\",\"potentialAction\":[{\"@type\":\"SearchAction\",\"target\":{\"@type\":\"EntryPoint\",\"urlTemplate\":\"https:\\\/\\\/cqde.org\\\/en\\\/?s={search_term_string}\"},\"query-input\":{\"@type\":\"PropertyValueSpecification\",\"valueRequired\":true,\"valueName\":\"search_term_string\"}}],\"inLanguage\":\"en-US\"},{\"@type\":\"Organization\",\"@id\":\"https:\\\/\\\/cqde.org\\\/en\\\/#organization\",\"name\":\"CQDE\",\"alternateName\":\"Centre qu\u00e9b\u00e9cois du droit de l'environnement\",\"url\":\"https:\\\/\\\/cqde.org\\\/en\\\/\",\"logo\":{\"@type\":\"ImageObject\",\"inLanguage\":\"en-US\",\"@id\":\"https:\\\/\\\/cqde.org\\\/en\\\/#\\\/schema\\\/logo\\\/image\\\/\",\"url\":\"https:\\\/\\\/cqde.org\\\/wp-content\\\/uploads\\\/2025\\\/02\\\/cqde-logo.svg\",\"contentUrl\":\"https:\\\/\\\/cqde.org\\\/wp-content\\\/uploads\\\/2025\\\/02\\\/cqde-logo.svg\",\"caption\":\"CQDE\"},\"image\":{\"@id\":\"https:\\\/\\\/cqde.org\\\/en\\\/#\\\/schema\\\/logo\\\/image\\\/\"}},{\"@type\":\"Person\",\"@id\":\"https:\\\/\\\/cqde.org\\\/en\\\/#\\\/schema\\\/person\\\/e251ed72863f8cc388ef1a157bb2ff47\",\"name\":\"Jo\u00eblle Grondin\",\"url\":\"https:\\\/\\\/cqde.org\\\/en\\\/author\\\/joelleagencetolle-com\\\/\"}]}<\/script>\n<!-- \/ Yoast SEO plugin. -->","yoast_head_json":{"title":"2022-2023: Our impact | CQDE","description":"Restez inform\u00e9s avec nos derni\u00e8res nouvelles : \u00e9clairages juridiques sur les grands enjeux environnementaux, communiqu\u00e9s et actions de mobilisation.","robots":{"index":"index","follow":"follow","max-snippet":"max-snippet:-1","max-image-preview":"max-image-preview:large","max-video-preview":"max-video-preview:-1"},"canonical":"https:\/\/cqde.org\/en\/news\/2022-2023-our-impact\/","og_locale":"en_US","og_type":"article","og_title":"2022-2023: Our impact | CQDE","og_description":"Restez inform\u00e9s avec nos derni\u00e8res nouvelles : \u00e9clairages juridiques sur les grands enjeux environnementaux, communiqu\u00e9s et actions de mobilisation.","og_url":"https:\/\/cqde.org\/en\/news\/2022-2023-our-impact\/","og_site_name":"CQDE - Ensemble, pour un droit au service de l&#039;environnement","article_published_time":"2023-12-04T18:22:52+00:00","article_modified_time":"2025-03-10T18:20:29+00:00","og_image":[{"width":2560,"height":1707,"url":"https:\/\/cqde.org\/wp-content\/uploads\/2023\/12\/imageecho-scaled-10.jpg","type":"image\/jpeg"}],"author":"Jo\u00eblle Grondin","twitter_card":"summary_large_image","twitter_misc":{"Written by":"Jo\u00eblle Grondin","Est. reading time":"3 minutes"},"schema":{"@context":"https:\/\/schema.org","@graph":[{"@type":"Article","@id":"https:\/\/cqde.org\/en\/news\/2022-2023-our-impact\/#article","isPartOf":{"@id":"https:\/\/cqde.org\/en\/news\/2022-2023-our-impact\/"},"author":{"name":"Jo\u00eblle Grondin","@id":"https:\/\/cqde.org\/en\/#\/schema\/person\/e251ed72863f8cc388ef1a157bb2ff47"},"headline":"2022-2023: Our impact","datePublished":"2023-12-04T18:22:52+00:00","dateModified":"2025-03-10T18:20:29+00:00","mainEntityOfPage":{"@id":"https:\/\/cqde.org\/en\/news\/2022-2023-our-impact\/"},"wordCount":598,"publisher":{"@id":"https:\/\/cqde.org\/en\/#organization"},"image":{"@id":"https:\/\/cqde.org\/en\/news\/2022-2023-our-impact\/#primaryimage"},"thumbnailUrl":"https:\/\/cqde.org\/wp-content\/uploads\/2023\/12\/imageecho-scaled-10.jpg","articleSection":["News"],"inLanguage":"en-US"},{"@type":"WebPage","@id":"https:\/\/cqde.org\/en\/news\/2022-2023-our-impact\/","url":"https:\/\/cqde.org\/en\/news\/2022-2023-our-impact\/","name":"2022-2023: Our impact | CQDE","isPartOf":{"@id":"https:\/\/cqde.org\/en\/#website"},"primaryImageOfPage":{"@id":"https:\/\/cqde.org\/en\/news\/2022-2023-our-impact\/#primaryimage"},"image":{"@id":"https:\/\/cqde.org\/en\/news\/2022-2023-our-impact\/#primaryimage"},"thumbnailUrl":"https:\/\/cqde.org\/wp-content\/uploads\/2023\/12\/imageecho-scaled-10.jpg","datePublished":"2023-12-04T18:22:52+00:00","dateModified":"2025-03-10T18:20:29+00:00","description":"Restez inform\u00e9s avec nos derni\u00e8res nouvelles : \u00e9clairages juridiques sur les grands enjeux environnementaux, communiqu\u00e9s et actions de mobilisation.","breadcrumb":{"@id":"https:\/\/cqde.org\/en\/news\/2022-2023-our-impact\/#breadcrumb"},"inLanguage":"en-US","potentialAction":[{"@type":"ReadAction","target":["https:\/\/cqde.org\/en\/news\/2022-2023-our-impact\/"]}]},{"@type":"ImageObject","inLanguage":"en-US","@id":"https:\/\/cqde.org\/en\/news\/2022-2023-our-impact\/#primaryimage","url":"https:\/\/cqde.org\/wp-content\/uploads\/2023\/12\/imageecho-scaled-10.jpg","contentUrl":"https:\/\/cqde.org\/wp-content\/uploads\/2023\/12\/imageecho-scaled-10.jpg","width":2560,"height":1707},{"@type":"BreadcrumbList","@id":"https:\/\/cqde.org\/en\/news\/2022-2023-our-impact\/#breadcrumb","itemListElement":[{"@type":"ListItem","position":1,"name":"Home","item":"https:\/\/cqde.org\/en\/"},{"@type":"ListItem","position":2,"name":"2022-2023: Our impact"}]},{"@type":"WebSite","@id":"https:\/\/cqde.org\/en\/#website","url":"https:\/\/cqde.org\/en\/","name":"CQDE","description":"Ensemble, pour un droit au service de l&#039;environnement","publisher":{"@id":"https:\/\/cqde.org\/en\/#organization"},"alternateName":"Centre qu\u00e9b\u00e9cois du droit de l'environnement","potentialAction":[{"@type":"SearchAction","target":{"@type":"EntryPoint","urlTemplate":"https:\/\/cqde.org\/en\/?s={search_term_string}"},"query-input":{"@type":"PropertyValueSpecification","valueRequired":true,"valueName":"search_term_string"}}],"inLanguage":"en-US"},{"@type":"Organization","@id":"https:\/\/cqde.org\/en\/#organization","name":"CQDE","alternateName":"Centre qu\u00e9b\u00e9cois du droit de l'environnement","url":"https:\/\/cqde.org\/en\/","logo":{"@type":"ImageObject","inLanguage":"en-US","@id":"https:\/\/cqde.org\/en\/#\/schema\/logo\/image\/","url":"https:\/\/cqde.org\/wp-content\/uploads\/2025\/02\/cqde-logo.svg","contentUrl":"https:\/\/cqde.org\/wp-content\/uploads\/2025\/02\/cqde-logo.svg","caption":"CQDE"},"image":{"@id":"https:\/\/cqde.org\/en\/#\/schema\/logo\/image\/"}},{"@type":"Person","@id":"https:\/\/cqde.org\/en\/#\/schema\/person\/e251ed72863f8cc388ef1a157bb2ff47","name":"Jo\u00eblle Grondin","url":"https:\/\/cqde.org\/en\/author\/joelleagencetolle-com\/"}]}},"_links":{"self":[{"href":"https:\/\/cqde.org\/en\/wp-json\/wp\/v2\/posts\/16652","targetHints":{"allow":["GET"]}}],"collection":[{"href":"https:\/\/cqde.org\/en\/wp-json\/wp\/v2\/posts"}],"about":[{"href":"https:\/\/cqde.org\/en\/wp-json\/wp\/v2\/types\/post"}],"author":[{"embeddable":true,"href":"https:\/\/cqde.org\/en\/wp-json\/wp\/v2\/users\/9"}],"replies":[{"embeddable":true,"href":"https:\/\/cqde.org\/en\/wp-json\/wp\/v2\/comments?post=16652"}],"version-history":[{"count":0,"href":"https:\/\/cqde.org\/en\/wp-json\/wp\/v2\/posts\/16652\/revisions"}],"wp:featuredmedia":[{"embeddable":true,"href":"https:\/\/cqde.org\/en\/wp-json\/wp\/v2\/media\/16653"}],"wp:attachment":[{"href":"https:\/\/cqde.org\/en\/wp-json\/wp\/v2\/media?parent=16652"}],"wp:term":[{"taxonomy":"category","embeddable":true,"href":"https:\/\/cqde.org\/en\/wp-json\/wp\/v2\/categories?post=16652"},{"taxonomy":"post_tag","embeddable":true,"href":"https:\/\/cqde.org\/en\/wp-json\/wp\/v2\/tags?post=16652"},{"taxonomy":"ressource_annee","embeddable":true,"href":"https:\/\/cqde.org\/en\/wp-json\/wp\/v2\/ressource_annee?post=16652"},{"taxonomy":"categorie_association","embeddable":true,"href":"https:\/\/cqde.org\/en\/wp-json\/wp\/v2\/categorie_association?post=16652"},{"taxonomy":"ressource_type","embeddable":true,"href":"https:\/\/cqde.org\/en\/wp-json\/wp\/v2\/ressource_type?post=16652"}],"curies":[{"name":"wp","href":"https:\/\/api.w.org\/{rel}","templated":true}]}}