{"id":17044,"date":"2022-11-28T14:59:30","date_gmt":"2022-11-28T19:59:30","guid":{"rendered":"https:\/\/cqde.org\/news\/our-assessment-of-cop27\/"},"modified":"2025-04-16T14:28:39","modified_gmt":"2025-04-16T19:28:39","slug":"our-assessment-of-cop27","status":"publish","type":"post","link":"https:\/\/cqde.org\/en\/news\/our-assessment-of-cop27\/","title":{"rendered":"Our assessment of COP27"},"content":{"rendered":"<p><span style=\"font-weight: 400;\">COP27 concluded on Monday, November 21 in Sharm el-Sheikh, in Egypt. The Centre qu\u00e9b\u00e9cois du droit de l\u2019environnement, represented by Sylvain Gaudreault, a member of the board of directors, had the opportunity to monitor with great attention the progress and conclusions of these international negotiations. Our assessment of the last two weeks is that necessary but insufficient progress has been made and that an industrial lobby has wielded excessive clout.\u00a0<\/span><\/p>\n<p><span style=\"font-weight: 400;\">\u00a0<\/span><b>The climate justice COP<\/b><\/p>\n<p><span style=\"font-weight: 400;\">Alongside numerous partners, the CQDE wanted Quebec to play an active role on the issue of climate justice. In this regard, the CQDE insisted throughout the negotiations that the Quebec Minister of the Environment exercise positive leadership, given the regrettable absence of the Premier from the summit.\u00a0<\/span><\/p>\n<p><span style=\"font-weight: 400;\">Good news: the subject is well established on the political agenda and negotiations have led to the historical creation of a loss and damage fund to address harms generated by the climate crisis.<\/span><\/p>\n<h4><b><i>What is the loss and damage\u00a0fund?<\/i><\/b><\/h4>\n<p><span style=\"font-weight: 400;\">The objective of this fund is to encourage the Global North, the main culprit of the climate crisis, to assume its responsibilities. As the Global South has been forced to disproportionately suffer the consequences of climate change, the Global North owes its Southern counterparts a &#8220;climate debt.&#8221; Recognizing the urgency of deploying new financial means to support these countries, as Canada did very early in the negotiations, is a step forward. However, we are paying close attention to the amounts allocated to the fund, which have not yet been determined, and which will have to be substantial enough to ensure real support for vulnerable communities and countries already affected by the climate crisis<\/span><span style=\"font-weight: 400;\">.<\/span><\/p>\n<h3><b>Present at the COP, absent from the texts: fossil fuels<\/b><\/h3>\n<p><span style=\"font-weight: 400;\">As we asserted with sadness and regret when we co-signed this open letter on the presence of oil, gas, and petrochemical companies at the official Canadian pavilion at the invitation of the federal government, the industries that are fuelling the climate crisis and hindering the implementation of real solutions should first set an example through their actions before trying to position themselves publicly as a solution to environmental crises.\u00a0<\/span><\/p>\n<p><span style=\"font-weight: 400;\">In addition to providing an official platform for fossil fuel sector companies within the framework of this summit, Canada was among the last countries to support the inclusion of stronger language on fossil fuels as one of the causes of the climate crisis in the text. The CQDE strongly condemns this position and urges Canada to act in line with its international and domestic obligations, including by not supporting greenwashing in any way and by terminating federal subsidies to the fossil fuel sector. Quebec, which has passed legislation to end <\/span><span style=\"font-weight: 400;\">petroleum exploration and production<\/span> <span style=\"font-weight: 400;\">in 2022, can and must play a leadership role in this regard, particularly within the framework of the Beyond Oil &amp; Gas Alliance.<\/span><\/p>\n<h3><b>Now\u2026 onwards to COP15!\u00a0<\/b><\/h3>\n<p><span style=\"font-weight: 400;\">The text of the decision does not mention the Biodiversity Conference (COP15) which will be held in Montreal this December and which aims to establish an ambitious program for the protection of nature for the next decade. However, the climate crisis and the biodiversity crisis are intimately linked, and one cannot be resolved without the other. In December, at COP15, both the federal and provincial governments will have an opportunity to take strong action to protect our land and biodiversity. We will be on hand!\u00a0<\/span><\/p>\n<p><span style=\"font-weight: 400;\">Before this major event, we invite you to a free conference, entitled \u201c<\/span><i><span style=\"font-weight: 400;\">Prot\u00e9ger la biodiversit\u00e9 par le droit<\/span><\/i><span style=\"font-weight: 400;\">\u201d (protecting biodiversity through law) presented by our team and our law clinic, to better understand existing legal tools and the importance of demands for enhanced biodiversity protection.<\/span><\/p>\n<p><span style=\"font-weight: 400;\">\u201cIt was an honour to represent CQDE at COP27. Climate justice being at the heart of the discussions in Sharm el-Sheikh and the CQDE&#8217;s expertise in this area being recognized in Quebec, I was able to contribute, along with other groups in attendance, to influencing decision-makers so that climate justice is concretely enacted in Quebec, in the rest of Canada, and in the Paris Agreement. In this sense, the agreement on the creation of a loss and damage fund is a step in the right direction but more needs to be done between now and COP28. The CQDE will continue to campaign for Quebec and the rest of Canada to assert even stronger leadership in this area\u201d \u2013 Sylvain Gaudreault, member of the board of directors of the CQDE.<\/span><\/p>\n","protected":false},"excerpt":{"rendered":"<p>COP27 concluded on Monday, November 21 in Sharm el-Sheikh, in Egypt. The Centre qu\u00e9b\u00e9cois du droit de l\u2019environnement, represented by Sylvain Gaudreault, a member of the board of directors, had the opportunity to monitor with great attention the progress and conclusions of these international negotiations. Our assessment of the last two weeks is that necessary [&hellip;]<\/p>\n","protected":false},"author":9,"featured_media":17045,"comment_status":"closed","ping_status":"open","sticky":false,"template":"","format":"standard","meta":{"_acf_changed":false,"footnotes":""},"categories":[911,905,1],"tags":[],"ressource_annee":[],"categorie_association":[938],"ressource_type":[],"class_list":["post-17044","post","type-post","status-publish","format-standard","has-post-thumbnail","hentry","category-climate","category-energy-and-natural-resources","category-news","categorie_association-nouvelles-en"],"acf":[],"yoast_head":"<!-- This site is optimized with the Yoast SEO plugin v27.5 - https:\/\/yoast.com\/product\/yoast-seo-wordpress\/ -->\n<title>Our assessment of COP27 | CQDE<\/title>\n<meta name=\"description\" content=\"Restez inform\u00e9s avec nos derni\u00e8res nouvelles : \u00e9clairages juridiques sur les grands enjeux environnementaux, communiqu\u00e9s et actions de mobilisation.\" \/>\n<meta name=\"robots\" content=\"index, follow, max-snippet:-1, max-image-preview:large, max-video-preview:-1\" \/>\n<link rel=\"canonical\" href=\"https:\/\/cqde.org\/en\/news\/our-assessment-of-cop27\/\" \/>\n<meta property=\"og:locale\" content=\"en_US\" \/>\n<meta property=\"og:type\" content=\"article\" \/>\n<meta property=\"og:title\" content=\"Our assessment of COP27 | CQDE\" \/>\n<meta property=\"og:description\" content=\"Restez inform\u00e9s avec nos derni\u00e8res nouvelles : \u00e9clairages juridiques sur les grands enjeux environnementaux, communiqu\u00e9s et actions de mobilisation.\" \/>\n<meta property=\"og:url\" content=\"https:\/\/cqde.org\/en\/news\/our-assessment-of-cop27\/\" \/>\n<meta property=\"og:site_name\" content=\"CQDE - Ensemble, pour un droit au service de l&#039;environnement\" \/>\n<meta property=\"article:published_time\" content=\"2022-11-28T19:59:30+00:00\" \/>\n<meta property=\"article:modified_time\" content=\"2025-04-16T19:28:39+00:00\" \/>\n<meta property=\"og:image\" content=\"https:\/\/cqde.org\/wp-content\/uploads\/2022\/11\/sylvain_gaudreault_cqde_cop-6.jpg\" \/>\n\t<meta property=\"og:image:width\" content=\"1019\" \/>\n\t<meta property=\"og:image:height\" content=\"687\" \/>\n\t<meta property=\"og:image:type\" content=\"image\/jpeg\" \/>\n<meta name=\"author\" content=\"Jo\u00eblle Grondin\" \/>\n<meta name=\"twitter:card\" content=\"summary_large_image\" \/>\n<meta name=\"twitter:label1\" content=\"Written by\" \/>\n\t<meta name=\"twitter:data1\" content=\"Jo\u00eblle Grondin\" \/>\n\t<meta name=\"twitter:label2\" content=\"Est. reading time\" \/>\n\t<meta name=\"twitter:data2\" content=\"4 minutes\" \/>\n<script type=\"application\/ld+json\" class=\"yoast-schema-graph\">{\"@context\":\"https:\\\/\\\/schema.org\",\"@graph\":[{\"@type\":\"Article\",\"@id\":\"https:\\\/\\\/cqde.org\\\/en\\\/news\\\/our-assessment-of-cop27\\\/#article\",\"isPartOf\":{\"@id\":\"https:\\\/\\\/cqde.org\\\/en\\\/news\\\/our-assessment-of-cop27\\\/\"},\"author\":{\"name\":\"Jo\u00eblle Grondin\",\"@id\":\"https:\\\/\\\/cqde.org\\\/en\\\/#\\\/schema\\\/person\\\/e251ed72863f8cc388ef1a157bb2ff47\"},\"headline\":\"Our assessment of COP27\",\"datePublished\":\"2022-11-28T19:59:30+00:00\",\"dateModified\":\"2025-04-16T19:28:39+00:00\",\"mainEntityOfPage\":{\"@id\":\"https:\\\/\\\/cqde.org\\\/en\\\/news\\\/our-assessment-of-cop27\\\/\"},\"wordCount\":739,\"publisher\":{\"@id\":\"https:\\\/\\\/cqde.org\\\/en\\\/#organization\"},\"image\":{\"@id\":\"https:\\\/\\\/cqde.org\\\/en\\\/news\\\/our-assessment-of-cop27\\\/#primaryimage\"},\"thumbnailUrl\":\"https:\\\/\\\/cqde.org\\\/wp-content\\\/uploads\\\/2022\\\/11\\\/sylvain_gaudreault_cqde_cop-6.jpg\",\"articleSection\":[\"Climate\",\"Energy and natural resources\",\"News\"],\"inLanguage\":\"en-US\"},{\"@type\":\"WebPage\",\"@id\":\"https:\\\/\\\/cqde.org\\\/en\\\/news\\\/our-assessment-of-cop27\\\/\",\"url\":\"https:\\\/\\\/cqde.org\\\/en\\\/news\\\/our-assessment-of-cop27\\\/\",\"name\":\"Our assessment of COP27 | CQDE\",\"isPartOf\":{\"@id\":\"https:\\\/\\\/cqde.org\\\/en\\\/#website\"},\"primaryImageOfPage\":{\"@id\":\"https:\\\/\\\/cqde.org\\\/en\\\/news\\\/our-assessment-of-cop27\\\/#primaryimage\"},\"image\":{\"@id\":\"https:\\\/\\\/cqde.org\\\/en\\\/news\\\/our-assessment-of-cop27\\\/#primaryimage\"},\"thumbnailUrl\":\"https:\\\/\\\/cqde.org\\\/wp-content\\\/uploads\\\/2022\\\/11\\\/sylvain_gaudreault_cqde_cop-6.jpg\",\"datePublished\":\"2022-11-28T19:59:30+00:00\",\"dateModified\":\"2025-04-16T19:28:39+00:00\",\"description\":\"Restez inform\u00e9s avec nos derni\u00e8res nouvelles : \u00e9clairages juridiques sur les grands enjeux environnementaux, communiqu\u00e9s et actions de mobilisation.\",\"breadcrumb\":{\"@id\":\"https:\\\/\\\/cqde.org\\\/en\\\/news\\\/our-assessment-of-cop27\\\/#breadcrumb\"},\"inLanguage\":\"en-US\",\"potentialAction\":[{\"@type\":\"ReadAction\",\"target\":[\"https:\\\/\\\/cqde.org\\\/en\\\/news\\\/our-assessment-of-cop27\\\/\"]}]},{\"@type\":\"ImageObject\",\"inLanguage\":\"en-US\",\"@id\":\"https:\\\/\\\/cqde.org\\\/en\\\/news\\\/our-assessment-of-cop27\\\/#primaryimage\",\"url\":\"https:\\\/\\\/cqde.org\\\/wp-content\\\/uploads\\\/2022\\\/11\\\/sylvain_gaudreault_cqde_cop-6.jpg\",\"contentUrl\":\"https:\\\/\\\/cqde.org\\\/wp-content\\\/uploads\\\/2022\\\/11\\\/sylvain_gaudreault_cqde_cop-6.jpg\",\"width\":1019,\"height\":687},{\"@type\":\"BreadcrumbList\",\"@id\":\"https:\\\/\\\/cqde.org\\\/en\\\/news\\\/our-assessment-of-cop27\\\/#breadcrumb\",\"itemListElement\":[{\"@type\":\"ListItem\",\"position\":1,\"name\":\"Home\",\"item\":\"https:\\\/\\\/cqde.org\\\/en\\\/\"},{\"@type\":\"ListItem\",\"position\":2,\"name\":\"Our assessment of COP27\"}]},{\"@type\":\"WebSite\",\"@id\":\"https:\\\/\\\/cqde.org\\\/en\\\/#website\",\"url\":\"https:\\\/\\\/cqde.org\\\/en\\\/\",\"name\":\"CQDE\",\"description\":\"Ensemble, pour un droit au service de l&#039;environnement\",\"publisher\":{\"@id\":\"https:\\\/\\\/cqde.org\\\/en\\\/#organization\"},\"alternateName\":\"Centre qu\u00e9b\u00e9cois du droit de l'environnement\",\"potentialAction\":[{\"@type\":\"SearchAction\",\"target\":{\"@type\":\"EntryPoint\",\"urlTemplate\":\"https:\\\/\\\/cqde.org\\\/en\\\/?s={search_term_string}\"},\"query-input\":{\"@type\":\"PropertyValueSpecification\",\"valueRequired\":true,\"valueName\":\"search_term_string\"}}],\"inLanguage\":\"en-US\"},{\"@type\":\"Organization\",\"@id\":\"https:\\\/\\\/cqde.org\\\/en\\\/#organization\",\"name\":\"CQDE\",\"alternateName\":\"Centre qu\u00e9b\u00e9cois du droit de l'environnement\",\"url\":\"https:\\\/\\\/cqde.org\\\/en\\\/\",\"logo\":{\"@type\":\"ImageObject\",\"inLanguage\":\"en-US\",\"@id\":\"https:\\\/\\\/cqde.org\\\/en\\\/#\\\/schema\\\/logo\\\/image\\\/\",\"url\":\"https:\\\/\\\/cqde.org\\\/wp-content\\\/uploads\\\/2025\\\/02\\\/cqde-logo.svg\",\"contentUrl\":\"https:\\\/\\\/cqde.org\\\/wp-content\\\/uploads\\\/2025\\\/02\\\/cqde-logo.svg\",\"caption\":\"CQDE\"},\"image\":{\"@id\":\"https:\\\/\\\/cqde.org\\\/en\\\/#\\\/schema\\\/logo\\\/image\\\/\"}},{\"@type\":\"Person\",\"@id\":\"https:\\\/\\\/cqde.org\\\/en\\\/#\\\/schema\\\/person\\\/e251ed72863f8cc388ef1a157bb2ff47\",\"name\":\"Jo\u00eblle Grondin\",\"url\":\"https:\\\/\\\/cqde.org\\\/en\\\/author\\\/joelleagencetolle-com\\\/\"}]}<\/script>\n<!-- \/ Yoast SEO plugin. -->","yoast_head_json":{"title":"Our assessment of COP27 | CQDE","description":"Restez inform\u00e9s avec nos derni\u00e8res nouvelles : \u00e9clairages juridiques sur les grands enjeux environnementaux, communiqu\u00e9s et actions de mobilisation.","robots":{"index":"index","follow":"follow","max-snippet":"max-snippet:-1","max-image-preview":"max-image-preview:large","max-video-preview":"max-video-preview:-1"},"canonical":"https:\/\/cqde.org\/en\/news\/our-assessment-of-cop27\/","og_locale":"en_US","og_type":"article","og_title":"Our assessment of COP27 | CQDE","og_description":"Restez inform\u00e9s avec nos derni\u00e8res nouvelles : \u00e9clairages juridiques sur les grands enjeux environnementaux, communiqu\u00e9s et actions de mobilisation.","og_url":"https:\/\/cqde.org\/en\/news\/our-assessment-of-cop27\/","og_site_name":"CQDE - Ensemble, pour un droit au service de l&#039;environnement","article_published_time":"2022-11-28T19:59:30+00:00","article_modified_time":"2025-04-16T19:28:39+00:00","og_image":[{"width":1019,"height":687,"url":"https:\/\/cqde.org\/wp-content\/uploads\/2022\/11\/sylvain_gaudreault_cqde_cop-6.jpg","type":"image\/jpeg"}],"author":"Jo\u00eblle Grondin","twitter_card":"summary_large_image","twitter_misc":{"Written by":"Jo\u00eblle Grondin","Est. reading time":"4 minutes"},"schema":{"@context":"https:\/\/schema.org","@graph":[{"@type":"Article","@id":"https:\/\/cqde.org\/en\/news\/our-assessment-of-cop27\/#article","isPartOf":{"@id":"https:\/\/cqde.org\/en\/news\/our-assessment-of-cop27\/"},"author":{"name":"Jo\u00eblle Grondin","@id":"https:\/\/cqde.org\/en\/#\/schema\/person\/e251ed72863f8cc388ef1a157bb2ff47"},"headline":"Our assessment of COP27","datePublished":"2022-11-28T19:59:30+00:00","dateModified":"2025-04-16T19:28:39+00:00","mainEntityOfPage":{"@id":"https:\/\/cqde.org\/en\/news\/our-assessment-of-cop27\/"},"wordCount":739,"publisher":{"@id":"https:\/\/cqde.org\/en\/#organization"},"image":{"@id":"https:\/\/cqde.org\/en\/news\/our-assessment-of-cop27\/#primaryimage"},"thumbnailUrl":"https:\/\/cqde.org\/wp-content\/uploads\/2022\/11\/sylvain_gaudreault_cqde_cop-6.jpg","articleSection":["Climate","Energy and natural resources","News"],"inLanguage":"en-US"},{"@type":"WebPage","@id":"https:\/\/cqde.org\/en\/news\/our-assessment-of-cop27\/","url":"https:\/\/cqde.org\/en\/news\/our-assessment-of-cop27\/","name":"Our assessment of COP27 | CQDE","isPartOf":{"@id":"https:\/\/cqde.org\/en\/#website"},"primaryImageOfPage":{"@id":"https:\/\/cqde.org\/en\/news\/our-assessment-of-cop27\/#primaryimage"},"image":{"@id":"https:\/\/cqde.org\/en\/news\/our-assessment-of-cop27\/#primaryimage"},"thumbnailUrl":"https:\/\/cqde.org\/wp-content\/uploads\/2022\/11\/sylvain_gaudreault_cqde_cop-6.jpg","datePublished":"2022-11-28T19:59:30+00:00","dateModified":"2025-04-16T19:28:39+00:00","description":"Restez inform\u00e9s avec nos derni\u00e8res nouvelles : \u00e9clairages juridiques sur les grands enjeux environnementaux, communiqu\u00e9s et actions de mobilisation.","breadcrumb":{"@id":"https:\/\/cqde.org\/en\/news\/our-assessment-of-cop27\/#breadcrumb"},"inLanguage":"en-US","potentialAction":[{"@type":"ReadAction","target":["https:\/\/cqde.org\/en\/news\/our-assessment-of-cop27\/"]}]},{"@type":"ImageObject","inLanguage":"en-US","@id":"https:\/\/cqde.org\/en\/news\/our-assessment-of-cop27\/#primaryimage","url":"https:\/\/cqde.org\/wp-content\/uploads\/2022\/11\/sylvain_gaudreault_cqde_cop-6.jpg","contentUrl":"https:\/\/cqde.org\/wp-content\/uploads\/2022\/11\/sylvain_gaudreault_cqde_cop-6.jpg","width":1019,"height":687},{"@type":"BreadcrumbList","@id":"https:\/\/cqde.org\/en\/news\/our-assessment-of-cop27\/#breadcrumb","itemListElement":[{"@type":"ListItem","position":1,"name":"Home","item":"https:\/\/cqde.org\/en\/"},{"@type":"ListItem","position":2,"name":"Our assessment of COP27"}]},{"@type":"WebSite","@id":"https:\/\/cqde.org\/en\/#website","url":"https:\/\/cqde.org\/en\/","name":"CQDE","description":"Ensemble, pour un droit au service de l&#039;environnement","publisher":{"@id":"https:\/\/cqde.org\/en\/#organization"},"alternateName":"Centre qu\u00e9b\u00e9cois du droit de l'environnement","potentialAction":[{"@type":"SearchAction","target":{"@type":"EntryPoint","urlTemplate":"https:\/\/cqde.org\/en\/?s={search_term_string}"},"query-input":{"@type":"PropertyValueSpecification","valueRequired":true,"valueName":"search_term_string"}}],"inLanguage":"en-US"},{"@type":"Organization","@id":"https:\/\/cqde.org\/en\/#organization","name":"CQDE","alternateName":"Centre qu\u00e9b\u00e9cois du droit de l'environnement","url":"https:\/\/cqde.org\/en\/","logo":{"@type":"ImageObject","inLanguage":"en-US","@id":"https:\/\/cqde.org\/en\/#\/schema\/logo\/image\/","url":"https:\/\/cqde.org\/wp-content\/uploads\/2025\/02\/cqde-logo.svg","contentUrl":"https:\/\/cqde.org\/wp-content\/uploads\/2025\/02\/cqde-logo.svg","caption":"CQDE"},"image":{"@id":"https:\/\/cqde.org\/en\/#\/schema\/logo\/image\/"}},{"@type":"Person","@id":"https:\/\/cqde.org\/en\/#\/schema\/person\/e251ed72863f8cc388ef1a157bb2ff47","name":"Jo\u00eblle Grondin","url":"https:\/\/cqde.org\/en\/author\/joelleagencetolle-com\/"}]}},"_links":{"self":[{"href":"https:\/\/cqde.org\/en\/wp-json\/wp\/v2\/posts\/17044","targetHints":{"allow":["GET"]}}],"collection":[{"href":"https:\/\/cqde.org\/en\/wp-json\/wp\/v2\/posts"}],"about":[{"href":"https:\/\/cqde.org\/en\/wp-json\/wp\/v2\/types\/post"}],"author":[{"embeddable":true,"href":"https:\/\/cqde.org\/en\/wp-json\/wp\/v2\/users\/9"}],"replies":[{"embeddable":true,"href":"https:\/\/cqde.org\/en\/wp-json\/wp\/v2\/comments?post=17044"}],"version-history":[{"count":0,"href":"https:\/\/cqde.org\/en\/wp-json\/wp\/v2\/posts\/17044\/revisions"}],"wp:featuredmedia":[{"embeddable":true,"href":"https:\/\/cqde.org\/en\/wp-json\/wp\/v2\/media\/17045"}],"wp:attachment":[{"href":"https:\/\/cqde.org\/en\/wp-json\/wp\/v2\/media?parent=17044"}],"wp:term":[{"taxonomy":"category","embeddable":true,"href":"https:\/\/cqde.org\/en\/wp-json\/wp\/v2\/categories?post=17044"},{"taxonomy":"post_tag","embeddable":true,"href":"https:\/\/cqde.org\/en\/wp-json\/wp\/v2\/tags?post=17044"},{"taxonomy":"ressource_annee","embeddable":true,"href":"https:\/\/cqde.org\/en\/wp-json\/wp\/v2\/ressource_annee?post=17044"},{"taxonomy":"categorie_association","embeddable":true,"href":"https:\/\/cqde.org\/en\/wp-json\/wp\/v2\/categorie_association?post=17044"},{"taxonomy":"ressource_type","embeddable":true,"href":"https:\/\/cqde.org\/en\/wp-json\/wp\/v2\/ressource_type?post=17044"}],"curies":[{"name":"wp","href":"https:\/\/api.w.org\/{rel}","templated":true}]}}